{"id":10305,"date":"2020-10-13T16:33:13","date_gmt":"2020-10-13T16:33:13","guid":{"rendered":"http:\/\/bezopasnost-pojarnaya.ru\/img\/?p=10305"},"modified":"2020-10-01T18:06:21","modified_gmt":"2020-10-01T18:06:21","slug":"greve-etudiante-rencontre-avec-la-ministre-beauchamp-la-classe-reagit-3","status":"publish","type":"post","link":"http:\/\/bezopasnost-pojarnaya.ru\/img\/2020\/10\/13\/greve-etudiante-rencontre-avec-la-ministre-beauchamp-la-classe-reagit-3\/","title":{"rendered":"Gr\u00e8ve \u00c9tudiante &#8211; Rencontre Avec La Ministre Beauchamp La Classe R\u00e9agit"},"content":{"rendered":"<p>Une revue am\u00e9ricaine,, en a fait le portrait dun angle de vue. De plus, le journal britannique a publi\u00e9 un bon nombre darticles concernant la gr\u00e8ve \u00e9tudiante au Qu\u00e9bec, mais toujours en restant neutre et rapportant les faits seulement. La couverture du conflit \u00e0 l\u00e9tranger a \u00e9t\u00e9 amplifi\u00e9e par ladoption de la Loi 78. Lanalyste Caroline Roy remarque que 79 des articles consacr\u00e9s au conflit au d\u00e9but de p\u00e9riode traitaient de la question des frais de scolarit\u00e9, une proportion qui a chut\u00e9 \u00e0 4 dans les derni\u00e8res semaines de lanalyse. Depuis la mi-mai, 39 des articles \u00e9voquent plut\u00f4t les arrestations massives, les \u00e9meutes et la violence reli\u00e9e au conflit. En juin, l et ont lanc\u00e9 un essai interactif sur la gr\u00e8ve, intitul\u00e9 Rouge au carr\u00e9. Annulations de sessions scolaires, les agents provocateurs Onze associations \u00e9tudiantes ont d\u00e9j\u00e0 en main un mandat de gr\u00e8ve, selon Jeanne Reynolds, co-porte-parole de la CLASSE. Au total, ce sera 64 000 personnes qui seront consult\u00e9es sur la question durant le mois de f\u00e9vrier, a-t-elle estim\u00e9, par voie de communiqu\u00e9 lundi. Le \u00e0 la grandeur du, cest le 100 e jour de la gr\u00e8ve \u00e9tudiante. Pour le souligner, plusieurs manifestations ont \u00e9t\u00e9 organis\u00e9es dans les plus grandes villes de la province, afin de revendiquer une table de n\u00e9gociation avec le gouvernement et pour d\u00e9noncer la hausse des droits de scolarit\u00e9 ainsi que ladoption de la r\u00e9cente loi dexception 78. Dailleurs, le th\u00e8me en est : 100 jours de gr\u00e8ve. 100 jours de m\u00e9pris. 100 jours de r\u00e9sistance.. En et aux, notamment, des rassemblements sont organis\u00e9s pour soutenir, ce m\u00eame jour, la cause \u00e9tudiante qu\u00e9b\u00e9coise. Les 3 regroupements \u00e9tudiants sunissent pour contester les mesures de Qu\u00e9bec Droits de scolarit\u00e9 au Qu\u00e9bec : un d\u00e9bat de soci\u00e9t\u00e9 Radio-Canada.ca Nous utilisons les t\u00e9moins de navigation cookies afin dop\u00e9rer et dam\u00e9liorer nos services ainsi qu\u00e0 des fins publicitaires. Le mercredi 29 ao\u00fbt, une nouvelle Assembl\u00e9e g\u00e9n\u00e9rale fut convoqu\u00e9e par lassociation repr\u00e9sentant les \u00e9tudiants en sciences humaines de lUQAM, \u00e0 la suite du d\u00e9p\u00f4t dune p\u00e9tition sign\u00e9e par 70 personnes la r\u00e9clamant. Par un vote serr\u00e9 480 Contre et 445 Pour, les \u00e9tudiants ont d\u00e9cid\u00e9 de ne pas reconduire la gr\u00e8ve. Cette association \u00e9tudiante repr\u00e9sentait en nombre la moiti\u00e9 des \u00e9tudiants en gr\u00e8ve \u00e0 lUniversit\u00e9 du Qu\u00e9bec \u00e0 Montr\u00e9al. Qu\u00e9bec-\u00c9branl\u00e9 par la d\u00e9mission de Line Beauchamp, le gouvernement Charest a annonc\u00e9 hier quil ne ferait plus de compromis dans la crise \u00e9tudiante. Lannulation de sessions et des retours en classe sous escorte polici\u00e8re sont examin\u00e9s. <img decoding=\"async\" src=\"http:\/\/markieter.cf\/Images\/36623728_1800081540067790_2675102818192326656_o.jpg\" alt=\"gr\u00e8ve \u00e9tudiante-rencontre avec la ministre beauchamp la classe r\u00e9agit\" align=\"left\"> <img decoding=\"async\" src=\"http:\/\/photos.gammvert.fr\/v5\/products\/full\/46270-piscine-en-bois-traite-evora-l-6-x-l-4-m-sunbay-5.jpg\" alt=\"gr\u00e8ve \u00e9tudiante-rencontre avec la ministre beauchamp la classe r\u00e9agit\" align=\"center\"> Le groupe de rock a sorti une chanson, Le fond de lair est rouge, sur ce mouvement.   Au d\u00e9but de la gr\u00e8ve de 2012, cest lancienne d\u00e9put\u00e9 de,, qui occupe le poste de. Apr\u00e8s 13 semaines de manifestations \u00e9tudiantes, elle donne sa d\u00e9mission le 14 mai 2012. Elle est remplac\u00e9e dans ces fonctions par d\u00e9put\u00e9 de. \u039c\u03b9\u03ba\u03c4\u03b7\u03c2 \u03b7\u03c7\u03bf\u03c5 \u03bc\u03b5 \u03b5\u03bd\u03b9\u03c3\u03c7\u03c5\u03c4\u03b7 1.26 \u03b3\u03b9\u03c9\u03c1\u03b3\u03bf\u03c2 \u03bc\u03c0\u03b5\u03ba\u03b9\u03b1\u03c1\u03b7\u03c2 facebook 2.4 \u03b1\u03c1\u03c7\u03b1\u03b9\u03b1 \u03ba\u03b1\u03c4\u03b5\u03c5\u03b8\u03c5\u03bd\u03c3\u03b7\u03c2 \u03b2 \u03bb\u03c5\u03ba\u03b5\u03b9\u03bf\u03c5 2015 \u039c\u03b5\u03af\u03bd\u03b5\u03c4\u03b5 \u03b5\u03bd\u03b7\u03bc\u03b5\u03c1\u03c9\u03bc\u03ad\u03bd\u03bf\u03b9 \u03b3\u03b9\u03b1 \u03c4\u03b1 \u03bd\u03ad\u03b1 \u03ba\u03b1\u03b9 \u03c4\u03b9\u03c2 \u03c0\u03c1\u03bf\u03c3\u03c6\u03bf\u03c1\u03ad\u03c2 \u03bc\u03b1\u03c2 \u03bc\u03b5 \u03c4\u03b7\u03bd \u03b5\u03b3\u03b3\u03c1\u03b1\u03c6\u03ae \u03c3\u03b1\u03c2 \u03c3\u03c4\u03bf \u03b5\u03b2\u03b4\u03bf\u03bc\u03b1\u03b4\u03b9\u03b1\u03af\u03bf \u03b5\u03bd\u03b7\u03bc\u03b5\u03c1\u03c9\u03c4\u03b9\u03ba\u03cc \u03b4\u03b5\u03bb\u03c4\u03af\u03bf \u03bc\u03b1\u03c2 \u03ba\u03b5\u03b9\u03ba \u03bc\u03b5 \u03bb\u03b1\u03b4\u03b9 \u03c7\u03c9\u03c1\u03b9\u03c2 \u03b1\u03c5\u03b3\u03b1 constern\u00e9s par lexclusion de la CLASSE des n\u00e9gociations. Jean Charest: Les Qu\u00e9b\u00e9cois savent tr\u00e8s bien quun gouvernement minoritaire est un gouvernement instable \u03c1\u03b1\u03b4\u03b9\u03bf\u03c6\u03c9\u03bd\u03b9\u03ba\u03bf\u03b9 \u03c3\u03c4\u03b1\u03b8\u03bc\u03bf\u03b9 \u03ba\u03b1\u03b2\u03b1\u03bb\u03b1\u03c2 \u03bb\u03b1\u03bc\u03c8\u03b7 \u03a0\u03ac\u03bd\u03c9 \u03b1\u03c0\u03cc 12 \u03ce\u03c1\u03b5\u03c2.. Moi, si jai \u00e0 pleurer cest pour les montr\u00e9alais qui auront \u00e0 payer la CASSE ; cest pour les commer\u00e7ants qui ont vu leurs vitrines fracass\u00e9es et leur client\u00e8le dispara\u00eetre, cest de mapercevoir comment irresponsable sont les professeurs, les politiciens, les parents et les journalistes qui ont envenim\u00e9 le d\u00e9bat en appuyant des gens qui ont ouvertement d\u00e9clar\u00e9 que cest la faute du gouvernement sils sont pouss\u00e9s \u00e0 endommager v\u00e9hicules, vitrines, commerces et que cest socialement acceptable. Cette jeunesse enfant-roi qui se croit tout permis car on leur demande en premier lieu moins dun dollar par jour, puis par la suite moins de 50 sous avec bonification des bourses et qui se glorifie de co\u00fbter des millions aux pauvres payeurs de taxe m\u00e9rite bien aujourdhui de perdre leur ann\u00e9e scolaire.  venu \u00e0 Gatineau pour parler \u00e0 ses partisans de son Plan <img decoding=\"async\" src=\"http:\/\/p.calameoassets.com\/130115233848-1267c143749cd68797bce3b884a3f5e4\/p1.jpg\" alt=\"gr\u00e8ve \u00e9tudiante-rencontre avec la ministre beauchamp la classe r\u00e9agit\" align=\"right\"> rues du centre-ville. On a vu des centaines de policiers et COMIT\u00c9 DES IDENTIT\u00c9S ET DES ORIENTATIONS SEXUELLES ET AMOUREUSES LIBRES CIOSAL \u03b1\u03bd\u03b1\u03c4\u03bf\u03bc\u03b9\u03ba\u03b5\u03c2 \u03b3\u03c5\u03bd\u03b1\u03b9\u03ba\u03b5\u03b9\u03b5\u03c2 \u03c0\u03b1\u03bd\u03c4\u03bf\u03c6\u03bb\u03b5\u03c2 \u03c3\u03ba\u03c1\u03bf\u03c5\u03c4\u03b6 0.95 \u03b1\u03b3\u03b1\u03c0\u03b7\u03c3 \u03bc\u03b1\u03c7\u03b1\u03b9\u03c1\u03b9\u03b1 \u03c4\u03c1\u03b1\u03b3\u03bf\u03c5\u03b4\u03b9-.<\/p>\n","protected":false},"excerpt":{"rendered":"<p>gr\u00e8ve \u00e9tudiante &#8211; rencontre avec la ministre beauchamp la classe r\u00e9agit<\/p>\n","protected":false},"author":1,"featured_media":0,"comment_status":"closed","ping_status":"closed","sticky":false,"template":"","format":"standard","meta":{"footnotes":""},"categories":[1],"tags":[],"_links":{"self":[{"href":"http:\/\/bezopasnost-pojarnaya.ru\/img\/wp-json\/wp\/v2\/posts\/10305"}],"collection":[{"href":"http:\/\/bezopasnost-pojarnaya.ru\/img\/wp-json\/wp\/v2\/posts"}],"about":[{"href":"http:\/\/bezopasnost-pojarnaya.ru\/img\/wp-json\/wp\/v2\/types\/post"}],"author":[{"embeddable":true,"href":"http:\/\/bezopasnost-pojarnaya.ru\/img\/wp-json\/wp\/v2\/users\/1"}],"replies":[{"embeddable":true,"href":"http:\/\/bezopasnost-pojarnaya.ru\/img\/wp-json\/wp\/v2\/comments?post=10305"}],"version-history":[{"count":1,"href":"http:\/\/bezopasnost-pojarnaya.ru\/img\/wp-json\/wp\/v2\/posts\/10305\/revisions"}],"predecessor-version":[{"id":10306,"href":"http:\/\/bezopasnost-pojarnaya.ru\/img\/wp-json\/wp\/v2\/posts\/10305\/revisions\/10306"}],"wp:attachment":[{"href":"http:\/\/bezopasnost-pojarnaya.ru\/img\/wp-json\/wp\/v2\/media?parent=10305"}],"wp:term":[{"taxonomy":"category","embeddable":true,"href":"http:\/\/bezopasnost-pojarnaya.ru\/img\/wp-json\/wp\/v2\/categories?post=10305"},{"taxonomy":"post_tag","embeddable":true,"href":"http:\/\/bezopasnost-pojarnaya.ru\/img\/wp-json\/wp\/v2\/tags?post=10305"}],"curies":[{"name":"wp","href":"https:\/\/api.w.org\/{rel}","templated":true}]}}