{"id":6882,"date":"2020-10-05T09:14:26","date_gmt":"2020-10-05T09:14:26","guid":{"rendered":"http:\/\/bezopasnost-pojarnaya.ru\/img\/?p=6882"},"modified":"2020-09-26T17:56:28","modified_gmt":"2020-09-26T17:56:28","slug":"rencontre-petain-hitler-2","status":"publish","type":"post","link":"http:\/\/bezopasnost-pojarnaya.ru\/img\/2020\/10\/05\/rencontre-petain-hitler-2\/","title":{"rendered":"Rencontre P\u00e9tain Hitler"},"content":{"rendered":"<p>, sur le site de Visual Arts Data Service, University for the Creative Arts. <img decoding=\"async\" src=\"http:\/\/images.slideplayer.fr\/7\/1748896\/slides\/slide_15.jpg\" alt=\"rencontre p\u00e9tain hitler\" align=\"right\"> <img decoding=\"async\" src=\"http:\/\/3.bp.blogspot.com\/-svtIdtSQeEE\/VPLGXARieHI\/AAAAAAAAB5Q\/HjqzIbUjnDw\/s1600\/PLAN%2B%2BMONUMENT.jpg\" alt=\"rencontre p\u00e9tain hitler\" align=\"left\"> Les lacunes? Elles b\u00e9ent! Et la plupart des \u00e9tudes b\u00ealent, du moins sur lessentiel. Je veux dire quau-dessus danalyses de d\u00e9tail souvent novatrices et pertinentes, elles r\u00e9p\u00e8tent quelques slogans moutonniers en lieu et place dune logique coh\u00e9rente. Et malheureusement, si on le fait remarquer aux auteurs, il leur reste la ressource de r\u00e9pliquer que lhistoire nest pas toujours logique. Cest assez vrai en g\u00e9n\u00e9ral, mais incongru sagissant de toute histoire o\u00f9 Hitler joue un r\u00f4le pr\u00e9pond\u00e9rant. <img decoding=\"async\" src=\"http:\/\/lepetitseptieme.ca\/wp-content\/uploads\/2016\/04\/Photo_Una-Giornata-Particolare-1038x576.jpg\" alt=\"rencontre p\u00e9tain hitler\" align=\"center\"> Avant tout Werner Best, le troisi\u00e8me homme dans lorganigramme des SS et le co-fondateur du SD avec Heydrich, qui passe pour brouill\u00e9 avec ce dernier et laisse croire quil est nomm\u00e9 \u00e0 Paris, le 1er ao\u00fbt 1940, par leffet dune disgr\u00e2ce. Il a effectivement, dans lorganigramme du commandement militaire, deux grad\u00e9s au-dessus de lui, mais il les domine de la t\u00eate et des \u00e9paules, notamment sur le plan de la politique antis\u00e9mite. Pourtant, laccumulation darguments ne suffit pas \u00e0 justifier cette injustice, cette cruaut\u00e9 du ciel. Qui connaissait Montoire en 1940? Pas grand monde. En tout cas, pas Laval, qui avouera avoir d\u00e9couvert \u00e0 cette occasion lexistence de ce petit coin de France. Quant au Dr M\u00e9n\u00e9trel, le m\u00e9decin personnel de P\u00e9tain qui laccompagna ce jour-l\u00e0, il nota sur un carnet avant de quitter Vichy : D\u00e9part pour destination inconnue vend\u00e9enne Montoire. Ce docteur connaissait bien mal sa g\u00e9ographie. Premier signe de lhistoire Maintien des avantages fiscaux. 50 de r\u00e9duction ou cr\u00e9dit dimp\u00f4ts. Dessin publi\u00e9 dans le magazine allemand Signal \u00e9dition en fran\u00e7ais, n6, 1 er juillet 1940, page 21 Mus\u00e9e de la R\u00e9sistance nationale  Les frais de livraison ne peuvent pas \u00eatre calcul\u00e9s. Saisissez un code postal valide. Et dentrer en guerre contre lAngleterre, \u00e0 ce moment-l\u00e0 seul pays  P\u00e9tain m\u00e8ne une politique de collaboration avec Hitler, d\u00e8s son entrevue \u00e0 Montoire avec ce dernier en octobre 1940. La pers\u00e9cution contre les juifs et les \u00e9trangers sinstalle avec dabord des discriminations humiliantes, puis intern\u00e9s, et finalement d\u00e9port\u00e9s par les allemands en 1942. En tout, 76 000 juifs dont 11 000 enfants non r\u00e9clam\u00e9s au d\u00e9part par les allemands ont \u00e9t\u00e9 d\u00e9port\u00e9s de France. 80 dentre eux apr\u00e8s avoir \u00e9t\u00e9 arr\u00eat\u00e9s par la police fran\u00e7aise. Un tiers des d\u00e9port\u00e9s \u00e9taient fran\u00e7ais. Seulement 3 survivront camps de concentration. P\u00e9tain tente sans grands succ\u00e8s de conserver le lien avec les britanniques et les am\u00e9ricains. Il est attaqu\u00e9 par la France Libre, la R\u00e9sistance fran\u00e7aise bas\u00e9e \u00e0 Londres et men\u00e9e par le G\u00e9n\u00e9ral de Gaulle. En avril 1942, cest un P\u00e9tain \u00e2g\u00e9 et fatigu\u00e9 qui appelle Pierre Laval \u00e0 lui succ\u00e9der \u00e0 la direction du gouvernement. Le surnom de P\u00e9tain : mar\u00e9chal P\u00e9toche It had been French Vice President Pierre Lavals idea to arrange the meeting after learning that Hitler would be traveling by train back from Hendaye, after a meeting with Spanish dictator General Franco. La collaboration entre dans sa phase la plus active avec des chefs Linscription gratuite donne acc\u00e8s \u00e0 10 contenus cours, exercices, fiches ou quiz. Robert Badinter, n\u00e9 en 1929, est un avocat et un homme.. Choisir entre une paix traditionnelle doppression et une paix toute nouvelle de collaboration. A la mis\u00e8re, aux troubles, aux r\u00e9pressions et sans doute aux conflits que susciterait une nouvelle Accessible \u00e0 tous les utilisateurs pour chaque session. \u00c0 retrouver dans la rubrique Presse et communication Jean-Claude Fischof gagne le sud-ouest de la France pour tenter de passer la fronti\u00e8re espagnole et rejoindre ensuite le Royaume-Uni. Arr\u00eat\u00e9 fin septembre 1940, il est transf\u00e9r\u00e9 \u00e0 Bordeaux et condamn\u00e9 \u00e0 la prison. Il est lib\u00e9r\u00e9 le 11 f\u00e9vrier 1941. Constituer des Forces fran\u00e7aises libres P\u00e9tain, Philippe Sciences Po Violence de masse et R\u00e9sistance-R\u00e9seau de recherche Au premier plan, on aper\u00e7oit le f\u00fchrer et le mar\u00e9chal P\u00e9tain se serrant la main. Derri\u00e8re eux, au centre de la photographie, le premier ministre de lAllemagne nazie, Von Ribbentrop. Ma\u00eetre du Reich, qui entend bien conserver ses moyens de pression, cette demande de collaboration a pour avantage de faciliter et donc daccentuer la participation de la France \u00e0 leffort de Pierre-\u00c9tienne Flandin, vice-pr\u00e9sident du Conseil rapporte des \u00e9pisodes de perte de m\u00e9moire et son manque de r\u00e9sistance aux sollicitations. Le 15 avril 1942, il ne cesse de demander \u00e0 quelle heure Laval doit venir, oubliant \u00e0 mesure les r\u00e9ponses pr\u00e9c\u00e9dentes ; quelques jours plus tard, le 24 avril, il ne se rappelle plus du dernier discours de Darlan alors quil la lu la veille, Montoire, Les premiers jours de la collaboration, Albin Michel, Paris, 1996, 504 p P. 246. En juin, les membres de la SAHVCB et de lAmicale du Souvenir se sont rendus \u00e0 Montoire, o\u00f9 a eu lieu la rencontre P\u00e9tainHitler, en octobre 1940. Ils ont \u00e9t\u00e9 re\u00e7us officiellement par la municipalit\u00e9 et ont d\u00e9couvert la ville et la gare, transform\u00e9e en mus\u00e9e, sous la conduite de lhistorien local. Jean-Claude Raison, secr\u00e9taire, a pr\u00e9sent\u00e9 un diaporama de ces diff\u00e9rentes activit\u00e9s.<\/p>\n","protected":false},"excerpt":{"rendered":"<p>rencontre p\u00e9tain hitler<\/p>\n","protected":false},"author":1,"featured_media":0,"comment_status":"closed","ping_status":"closed","sticky":false,"template":"","format":"standard","meta":{"footnotes":""},"categories":[1],"tags":[],"_links":{"self":[{"href":"http:\/\/bezopasnost-pojarnaya.ru\/img\/wp-json\/wp\/v2\/posts\/6882"}],"collection":[{"href":"http:\/\/bezopasnost-pojarnaya.ru\/img\/wp-json\/wp\/v2\/posts"}],"about":[{"href":"http:\/\/bezopasnost-pojarnaya.ru\/img\/wp-json\/wp\/v2\/types\/post"}],"author":[{"embeddable":true,"href":"http:\/\/bezopasnost-pojarnaya.ru\/img\/wp-json\/wp\/v2\/users\/1"}],"replies":[{"embeddable":true,"href":"http:\/\/bezopasnost-pojarnaya.ru\/img\/wp-json\/wp\/v2\/comments?post=6882"}],"version-history":[{"count":1,"href":"http:\/\/bezopasnost-pojarnaya.ru\/img\/wp-json\/wp\/v2\/posts\/6882\/revisions"}],"predecessor-version":[{"id":6883,"href":"http:\/\/bezopasnost-pojarnaya.ru\/img\/wp-json\/wp\/v2\/posts\/6882\/revisions\/6883"}],"wp:attachment":[{"href":"http:\/\/bezopasnost-pojarnaya.ru\/img\/wp-json\/wp\/v2\/media?parent=6882"}],"wp:term":[{"taxonomy":"category","embeddable":true,"href":"http:\/\/bezopasnost-pojarnaya.ru\/img\/wp-json\/wp\/v2\/categories?post=6882"},{"taxonomy":"post_tag","embeddable":true,"href":"http:\/\/bezopasnost-pojarnaya.ru\/img\/wp-json\/wp\/v2\/tags?post=6882"}],"curies":[{"name":"wp","href":"https:\/\/api.w.org\/{rel}","templated":true}]}}