{"id":6942,"date":"2020-10-05T17:18:40","date_gmt":"2020-10-05T17:18:40","guid":{"rendered":"http:\/\/bezopasnost-pojarnaya.ru\/img\/?p=6942"},"modified":"2020-09-26T19:52:37","modified_gmt":"2020-09-26T19:52:37","slug":"taize-rencontres-europeennes-2013-2","status":"publish","type":"post","link":"http:\/\/bezopasnost-pojarnaya.ru\/img\/2020\/10\/05\/taize-rencontres-europeennes-2013-2\/","title":{"rendered":"Taiz\u00e9 Rencontres Europ\u00e9ennes 2013"},"content":{"rendered":"<p><img decoding=\"async\" src=\"http:\/\/img.over-blog-kiwi.com\/0\/81\/48\/41\/201312\/ob_eb48e7d4871142ac10f0da8f37c81669_alois-fr3.jpg\" alt=\"taiz\u00e9 rencontres europ\u00e9ennes 2013\" align=\"center\"> <img decoding=\"async\" src=\"http:\/\/a392.idata.over-blog.com\/300x200\/3\/83\/02\/54\/taize\/rome-2012\/rencontre-europeenne-de-Taize-a-Rome-dec-2012-f.jpg\" alt=\"taiz\u00e9 rencontres europ\u00e9ennes 2013\" align=\"center\">  Dabord je posais la question relativement \u00e0 Taiz\u00e9. Ensuite, je nai jamais ni\u00e9 linfluence de lEglise polonaise par exemple dans Solidarno\u015b\u0107. Nous avons m\u00eame aid\u00e9 \u00e0 l\u00e9poque des camarades \u00e9tudiants qui avaient du sexiler en France saviez-vous que Solidarno\u015b\u0107 avait des sections \u00e0 caract\u00e8re dentrainement militaire pour les manifs et en cas de guerre civile? \u00e0 sinscrire en Fac et avons finalement \u00e9t\u00e9 tellement efficace que lun deux Sp\u00e9cialiste des Katanas du 15\u00e8me ou 18\u00e8me s. Et qui ne trouvait pas de directeur de th\u00e8se est devenu assistant \u00e0 La Sorbonne Bonne ann\u00e9e Jan et Maria! En plus des 20.000 p\u00e8lerins ext\u00e9rieurs, log\u00e9s dans des familles daccueil, les organisateurs estiment \u00e0 10.000 le nombre de participants locaux aux pri\u00e8res-des Fran\u00e7ais et des Allemands qui nont pas besoin dh\u00e9bergement. Une coordination pour les Vosges est mise en place pour participer \u00e0 cet \u00e9v\u00e9nement : Rencontres Europ\u00e9ennes de Taiz\u00e9 \u00e0 Rome pour le Nouvel An 2013 Appelez le 0892 46 00 12 35 ctsmin pour d\u00e9poser votre intention de pri\u00e8re \u00e0 la grotte de Massabielle. <img decoding=\"async\" src=\"http:\/\/arrasmedia.keeo.com\/taize-rotterdam-115760.jpg\" alt=\"taiz\u00e9 rencontres europ\u00e9ennes 2013\" align=\"right\"> Arriv\u00e9s \u00e0 l\u00e9glise du Temple-Neuf, les deux amis sont orient\u00e9s vers une famille daccueil. La contrainte pour chaque paroisse a \u00e9t\u00e9 de trouver des logements \u00e0 moins de 10 minutes de marche du lieu de culte. Le couple qui accueille les deux jeunes Polonais nest disponible qu\u00e0 21h, loccasion pour Maria et Piotr de se balader dans les rues de Strasbourg.  Acc\u00e8s illimit\u00e9 \u00e0 tous les contenus payants sur tous vos \u00e9crans, o\u00f9 et quand vous voulez Rubriques \u00c0 propos Services La rencontre europ\u00e9enne sadresse aux jeunes adultes entre 17 et 35 ans. Le logement sera surtout chez les habitants de toute la r\u00e9gion, dans les villes et les villages en France et en Allemagne. Certains seront peut-\u00eatre log\u00e9s dans des salles paroissiales, dans des \u00e9coles ou des salles de sport. Pour la participation aux frais, pour les jeunes de la France, de la Belgique et de la Suisse, compter environ 75 une indication pr\u00e9cise sera donn\u00e9e en octobre. La 36e rencontre europ\u00e9enne de jeunes chr\u00e9tiens, organis\u00e9e par la communaut\u00e9 oecum\u00e9nique de Taiz\u00e9, a d\u00e9but\u00e9 samedi \u00e0 Strasbourg en pr\u00e9sence de quelque 20.000 croyants venus de plusieurs pays dEurope pour \u00e9changer et prier ensemble \u00e0 loccasion de la Nouvelle ann\u00e9e. Alberto Pizzoli AFP Le programme complet et tous les \u00e9v\u00e9nements des Assises 2020 sont \u00e0 d\u00e9couvrir, du 11 au 17 mai, sur. Les rendez-vous du Monde aux Assises sont \u00e9galement visibles sur Les rendez-vous du Monde Ils vous donnent RDV d\u00e8s que ce sera de nouveau possible en l\u00e9glise Notre Dame de la Paix \u00e0 Agen pour la messe en famille. Michel Castaing, Engranger du courage pour un an..,, 2 janvier 1994 Tous nous voudrions \u00e9couter, comme adress\u00e9e \u00e0 chacun et \u00e0 chacune dentre nous, la parole que lap\u00f4tre Paul a un jour \u00e9crite \u00e0 un jeune, responsable dune communaut\u00e9 Du Samedi 28 d\u00e9cembre 2013 au Mercredi 01 janvier, 2 soeurs du C\u00e9nacle \u00e0 Strasbourg.. Les rencontres europ\u00e9ennes sadressent aux jeunes adultes et ne sont pas pr\u00e9vues pour des adultes de plus de 35 ans, sauf sils accompagnent un groupe ou sils ont une responsabilit\u00e9 dans la pastorale des jeunes. Les autres adultes et les familles sont invit\u00e9s plut\u00f4t \u00e0 venir \u00e0 Taiz\u00e9 dans le cadre du programme des plus de 35 ans et des familles. Un dialogue interreligieux \u00e0 la Grande Mosqu\u00e9e de Strasbourg A. De Chalendar Pour commencer, je suis all\u00e9 \u00e0 la rencontre europ\u00e9enne de Taiz\u00e9 \u00e0 Strasbourg et cest pendant le s\u00e9jour que jai appris que Taiz\u00e9 \u00e9tait un village en Bourgogne en France. On peut dire que jai saut\u00e9 les \u00e9tapes! Sur place, jai fait la connaissance des magnifiques chants de Taiz\u00e9, en particulier lors des c\u00e9l\u00e9brations avec dautres pays. Nous \u00e9tions parfois 2000 personnes rassembl\u00e9es au m\u00eame endroit et chantions en c\u0153ur la m\u00eame m\u00e9lodie, jen ressentais des frissons. Jai ressenti la pr\u00e9sence de Dieu \u00e0 nos c\u00f4t\u00e9s lors de chacune des c\u00e9l\u00e9brations. Quand? Du 28 d\u00e9cembre 2017 au 01 janvier 2018 Toute la journ\u00e9e Ensuite, il y a eu une longue p\u00e9riode pendant laquelle je ny suis pas retourn\u00e9. Mais quand jy suis revenu lors dun p\u00e8lerinage de Toussaint pour accompagner des jeunes de mon dioc\u00e8se, jy ai retrouv\u00e9 exactement ce que javais v\u00e9cu \u00e0 leur \u00e2ge. Prier \u00e0 Rennes en lien avec la communaut\u00e9 de Taiz\u00e9 2019-2020-Silo Wacken, ainsi qu\u00e0 la cath\u00e9drale et \u00e0 l\u00e9glise Saint-Paul. Attention, une nouvelle proc\u00e9dure est en place. Vous devez vous inscrire ou mettre \u00e0 niveau votre profil Le Matin aime les d\u00e9bats. Mais trop dabus ont lieu dans les forums. La politique pour commenter un sujet a chang\u00e9. Vous devez cr\u00e9er un compte utilisateur ou compl\u00e9ter votre profil existant avec un num\u00e9ro de t\u00e9l\u00e9phone mobile vous nen avez pas? envoyez une demande \u00e0 ladresse. Nous vous prions dutiliser votre nom complet. Les fausses identit\u00e9s seront bannies. Nous refusons les messages haineux, diffamatoires, racistes ou x\u00e9nophobes, les menaces, incitations \u00e0 la violence ou autres injures. Merci de penser que de nombreuses personnes vous lisent. Et bon d\u00e9bat! La r\u00e9daction .<\/p>\n","protected":false},"excerpt":{"rendered":"<p>taiz\u00e9 rencontres europ\u00e9ennes 2013<\/p>\n","protected":false},"author":1,"featured_media":0,"comment_status":"closed","ping_status":"closed","sticky":false,"template":"","format":"standard","meta":{"footnotes":""},"categories":[1],"tags":[],"_links":{"self":[{"href":"http:\/\/bezopasnost-pojarnaya.ru\/img\/wp-json\/wp\/v2\/posts\/6942"}],"collection":[{"href":"http:\/\/bezopasnost-pojarnaya.ru\/img\/wp-json\/wp\/v2\/posts"}],"about":[{"href":"http:\/\/bezopasnost-pojarnaya.ru\/img\/wp-json\/wp\/v2\/types\/post"}],"author":[{"embeddable":true,"href":"http:\/\/bezopasnost-pojarnaya.ru\/img\/wp-json\/wp\/v2\/users\/1"}],"replies":[{"embeddable":true,"href":"http:\/\/bezopasnost-pojarnaya.ru\/img\/wp-json\/wp\/v2\/comments?post=6942"}],"version-history":[{"count":1,"href":"http:\/\/bezopasnost-pojarnaya.ru\/img\/wp-json\/wp\/v2\/posts\/6942\/revisions"}],"predecessor-version":[{"id":6943,"href":"http:\/\/bezopasnost-pojarnaya.ru\/img\/wp-json\/wp\/v2\/posts\/6942\/revisions\/6943"}],"wp:attachment":[{"href":"http:\/\/bezopasnost-pojarnaya.ru\/img\/wp-json\/wp\/v2\/media?parent=6942"}],"wp:term":[{"taxonomy":"category","embeddable":true,"href":"http:\/\/bezopasnost-pojarnaya.ru\/img\/wp-json\/wp\/v2\/categories?post=6942"},{"taxonomy":"post_tag","embeddable":true,"href":"http:\/\/bezopasnost-pojarnaya.ru\/img\/wp-json\/wp\/v2\/tags?post=6942"}],"curies":[{"name":"wp","href":"https:\/\/api.w.org\/{rel}","templated":true}]}}