{"id":7122,"date":"2020-10-05T08:43:05","date_gmt":"2020-10-05T08:43:05","guid":{"rendered":"http:\/\/bezopasnost-pojarnaya.ru\/img\/?p=7122"},"modified":"2020-09-27T00:24:38","modified_gmt":"2020-09-27T00:24:38","slug":"rencontre-eje-2012-2","status":"publish","type":"post","link":"http:\/\/bezopasnost-pojarnaya.ru\/img\/2020\/10\/05\/rencontre-eje-2012-2\/","title":{"rendered":"Rencontre Eje 2012"},"content":{"rendered":"<p>Cet \u00e9t\u00e9, nous \u00e9tions 14 jeunes de 3 d\u00e9l\u00e9gations diff\u00e9rentes \u00e0 \u00eatre partie pour rencontrer les b\u00e9n\u00e9voles de la Caritas Albanaise, d\u00e9couvrir leur r\u00e9alit\u00e9 de vie, et participer aux activit\u00e9s quils proposent. Pendant ce s\u00e9jour, jai pu animer un camp d\u00e9t\u00e9 avec certains b\u00e9n\u00e9voles fran\u00e7ais et albanais aupr\u00e8s des enfants de pauvret\u00e9s rurales \u00e2g\u00e9es de 5 \u00e0 15 ans. La barri\u00e8re de la langue na pas \u00e9t\u00e9 un probl\u00e8me \u00e0 la communication, beaucoup de choses sont pass\u00e9es par le regard et lorsque les mots manqu\u00e9s il y avait les gestes. Tout de m\u00eame, on pouvait parler en anglais ou en espagnol avec les b\u00e9n\u00e9voles albanais. Un r\u00e9el \u00e9change sest fait entre nous, de grandes amiti\u00e9s se sont construites malgr\u00e9 les diff\u00e9rences existantes entre nous. Apr\u00e8s lobtention de son DUT G\u00e9nie Thermique et \u00c9nergie en 2010, une licence 3 puis un master, Beno\u00eet Le Niniven occupe la fonction HVAC Superintendant Heating, Ventilation and Air-Conditioning, en fran\u00e7ais Chauffage, ventilation et climatisation pour la compagnie Royal Caribbean Cruise Line \u00e0 Saint-Nazaire. \u00c0 Amiens, les cin\u00e9mas Gaumont, Cin\u00e9 Saint-Leu et Studio Orson-Welles potassent depuis jeudi 4 juin le protocole de 25 pages valid\u00e9 par le gouvernement pour la r\u00e9ouverture le 22 juin. Un sacr\u00e9 challenge.  \u03bd\u03b1\u03c5\u03c4\u03b9\u03ba\u03bf\u03c2 \u03bf\u03bc\u03b9\u03bb\u03bf\u03c2 \u03c0\u03b5\u03b9\u03c1\u03b1\u03b9\u03b1 \u03b5\u03ba\u03b8\u03b5\u03c4\u03b9\u03ba\u03b7 \u03c3\u03c5\u03bd\u03b1\u03c1\u03c4\u03b7\u03c3\u03b7 \u03b2 \u03bb\u03c5\u03ba\u03b5\u03b9\u03bf\u03c5 \u03a0\u03c1\u03bf\u03c3\u03ba\u03bb\u03b7\u03c4\u03ae\u03c1\u03b9\u03bf \u03bc\u03bf\u03bd\u03cc \u03ba\u03bf\u03c0\u03c4\u03b9\u03ba\u03cc \u03bc\u03b5 \u03c3\u03b1\u03c4\u03ad\u03bd \u03ba\u03bf\u03c1\u03b4\u03ad\u03bb\u03b1 Frozen 10 \u03c4\u03b5\u03bc \u0388\u03bb\u03c3\u03b1 \u03ba\u03b1\u03b9 \u0386\u03bd\u03bd\u03b1 Frozen \u03b3\u03b9\u03b1 \u03c0\u03b1\u03c1\u03c4\u03c5 \u03b3\u03b5\u03bd\u03b5\u03b8\u03bb\u03af\u03c9\u03bd. \u0394\u03b9\u03b1\u03c3\u03c4\u03ac\u03c3\u03b5\u03b9\u03c2 \u03c0\u03c1\u03bf\u03c3\u03ba\u03bb\u03b7\u03c4\u03b7\u03c1\u03b9\u03bf\u03cd 16 \u03b5\u03ba. \u039a\u03b1\u03c4\u03ac \u03c4\u03b7\u03bd \u03bf\u03bb\u03bf\u03ba\u03bb\u03ae\u03c1\u03c9\u03c3\u03b7 \u03c4\u03b7\u03c2 \u03c0\u03b1\u03c1\u03b1\u03b3\u03b3\u03b5\u03bb\u03af\u03b1\u03c2 \u03c3\u03b1\u03c2 \u03bc\u03c0\u03bf\u03c1\u03b5\u03af\u03c4\u03b5 \u03bd\u03b1 \u03b3\u03c1\u03ac\u03c8\u03b5\u03c4\u03b5 \u03c4\u03b1 \u03c3\u03c4\u03bf\u03b9\u03c7\u03b5\u03af\u03b1 \u03c4\u03bf\u03c5 \u03c0\u03ac\u03c1\u03c4\u03c5.. Educatrice de jeunes enfants un jour. Je lesp\u00e8re tr\u00e8s fort : f1 jai mis en place une malle sensorielle chez les b\u00e9b\u00e9s je pensais parler de ca \u03bc\u03bf\u03c5\u03b4\u03b9\u03b1\u03c3\u03bc\u03b1 \u03c3\u03c4\u03bf \u03c7\u03b5\u03c1\u03b9 \u03c3\u03c4\u03b7\u03bd \u03b5\u03b3\u03ba\u03c5\u03bc\u03bf\u03c3\u03c5\u03bd\u03b7 \u03c3\u03b5 \u03cc\u03bb\u03b7 \u03c4\u03b7\u03bd \u0395\u03bb\u03bb\u03ac\u03b4\u03b1 5. Cr\u00e9er, jouer, am\u00e9nager : ici il sagit dune sorte de lexique : quest-ce que l\u00e9chelle? Quest-ce quun rep\u00e8re ou une limite? Quelle influence auront la lumi\u00e8re, le choix des mat\u00e9riaux? Ou encore que signifie donc un projet p\u00e9dagogique et que peut \u00eatre un projet petit enfance li\u00e9 \u00e0 lenvironnement et au d\u00e9veloppement durable? O\u00f9 en est aujourdhui la connaissance du monde de lenfance? Je me pr\u00e9sente, Lucie 26 ans, maman dun petit gar\u00e7on de 2 ans et demi, Auxiliaire de Pu\u00e9riculture depuis 2015, CAP Petite Enfance et BEP Carri\u00e8res Sanitaires et Sociales avant mon DEAP. <img decoding=\"async\" src=\"http:\/\/www.more.wfcrimewatch.com\/upload\/news\/first\/5ae365fb2c53b0.15683713.jpg\" alt=\"rencontre eje 2012\" align=\"center\">  Je vais dans les \u00e9coles quand il y a des besoins tr\u00e8s particuliers, notamment quand lenfant va \u00e0 la fois \u00e0 la cr\u00e8che et \u00e0 l\u00e9cole. Ce serait tr\u00e8s int\u00e9ressant de travailler avec les AVS. Je vais aux r\u00e9unions mais il me manque du terrain, de la pr\u00e9sence. Quelques mots de fin.. Jaurais voulu savoir si une personne ayant juste le cap petite enfance et devenue EJE par la vae? \u03b1\u03b3\u03bd\u03c9\u03c3\u03c4\u03b7 \u03b1\u03b3\u03b1\u03c0\u03b7\u03bc\u03b5\u03bd\u03b7 \u03c4\u03bf\u03bb\u03b7\u03c2 \u03c3\u03ba\u03bf\u03c5\u03c6\u03b1\u03ba\u03b9 \u03bc\u03c0\u03b1\u03bd\u03b9\u03bf\u03c5 jumbo 16,90 \u03ba\u03b1\u03b9\u03bd\u03b7 \u03b4\u03b9\u03b1\u03b8\u03b7\u03ba\u03b7 \u03bc\u03b5\u03c4\u03b1\u03c6\u03c1\u03b1\u03c3\u03b7 \u03b2\u03b1\u03bc\u03b2\u03b1 <img decoding=\"async\" src=\"http:\/\/rampok.org\/img\/9dca1d08135325023e116ad982a3fa74.jpg\" alt=\"rencontre eje 2012\" align=\"center\"> Les 3 situations pourraient convenir. Ladaptation est une situation tr\u00e8s souvent choisie pour cette fonction, il est n\u00e9cessaire de mettre en avant laccompagnement que vous avez fait pour la famille et lenfant. Le travail autour de la fonction parentale apparait clairement co-\u00e9ducation, continuit\u00e9.. Mais \u00e9galement le travail autour de laccompagnement de lenfant et sa famille.  Michel Boutanquoi et al, La difficult\u00e9 \u00e0 \u00e9laborer des r\u00e9cits communs entre parents et professionnels, La revue internationale de l\u00e9ducation familiale, n o 39, 2016, p. 37-57 ; Jean-Pierre Minary, Contexte de vie, pr\u00e9carit\u00e9 et protection de lenfance, dans Interventions sociales aupr\u00e8s de familles en situation de pr\u00e9carit\u00e9, Paris, LHarmattan, 2011, p 73-98. F3 gros travail sur la mise en place des transmissions et outils qui nexistait pas a mon arriv\u00e9e sur la structure Le dc 2 est parfait, pense \u00e0 citer tout de m\u00eame des exemples concrets pour ne pas rester trop g\u00e9n\u00e9ral <img decoding=\"async\" src=\"http:\/\/tpma.fr\/wp-content\/uploads\/2014\/09\/A116_double-page.jpg\" alt=\"rencontre eje 2012\" align=\"left\"> La derni\u00e8re modification de cette page a \u00e9t\u00e9 faite le 5 juin 2020 \u00e0 11:27. Face \u00e0 linjustice \u00e0 laquelle nous sommes confront\u00e9s et aux cons\u00e9quences, sur les plans de la reconnaissance statutaire et universitaire des travailleurs sociaux tant en France qu\u00e0 l\u00e9tranger, les associations professionnelles ont pris la d\u00e9cision d\u00e9tudier les possibilit\u00e9s dun recours en justice pour faire valoir ses droits et de solliciter une rencontre aupr\u00e8s de Marisol Touraine, Ministre des Affaires Sociales et de la Sant\u00e9 pour porter cette revendication. Dominique Bertinotti, n\u00e9e \u00e0 Paris en 1954 est une femme politique fran\u00e7aise, ma\u00eetre de conf\u00e9rences en histoire contemporaine \u00e0 lUniversit\u00e9 Paris VII, membre du Parti socialiste et maire du 4e arrondissement de Paris depuis 2001. Elle a \u00e9t\u00e9 nomm\u00e9e ministre d\u00e9l\u00e9gu\u00e9e \u00e0 la famille le 16 mai 2012.<\/p>\n","protected":false},"excerpt":{"rendered":"<p>rencontre eje 2012<\/p>\n","protected":false},"author":1,"featured_media":0,"comment_status":"closed","ping_status":"closed","sticky":false,"template":"","format":"standard","meta":{"footnotes":""},"categories":[1],"tags":[],"_links":{"self":[{"href":"http:\/\/bezopasnost-pojarnaya.ru\/img\/wp-json\/wp\/v2\/posts\/7122"}],"collection":[{"href":"http:\/\/bezopasnost-pojarnaya.ru\/img\/wp-json\/wp\/v2\/posts"}],"about":[{"href":"http:\/\/bezopasnost-pojarnaya.ru\/img\/wp-json\/wp\/v2\/types\/post"}],"author":[{"embeddable":true,"href":"http:\/\/bezopasnost-pojarnaya.ru\/img\/wp-json\/wp\/v2\/users\/1"}],"replies":[{"embeddable":true,"href":"http:\/\/bezopasnost-pojarnaya.ru\/img\/wp-json\/wp\/v2\/comments?post=7122"}],"version-history":[{"count":1,"href":"http:\/\/bezopasnost-pojarnaya.ru\/img\/wp-json\/wp\/v2\/posts\/7122\/revisions"}],"predecessor-version":[{"id":7123,"href":"http:\/\/bezopasnost-pojarnaya.ru\/img\/wp-json\/wp\/v2\/posts\/7122\/revisions\/7123"}],"wp:attachment":[{"href":"http:\/\/bezopasnost-pojarnaya.ru\/img\/wp-json\/wp\/v2\/media?parent=7122"}],"wp:term":[{"taxonomy":"category","embeddable":true,"href":"http:\/\/bezopasnost-pojarnaya.ru\/img\/wp-json\/wp\/v2\/categories?post=7122"},{"taxonomy":"post_tag","embeddable":true,"href":"http:\/\/bezopasnost-pojarnaya.ru\/img\/wp-json\/wp\/v2\/tags?post=7122"}],"curies":[{"name":"wp","href":"https:\/\/api.w.org\/{rel}","templated":true}]}}