{"id":7472,"date":"2020-10-06T19:30:23","date_gmt":"2020-10-06T19:30:23","guid":{"rendered":"http:\/\/bezopasnost-pojarnaya.ru\/img\/?p=7472"},"modified":"2020-09-27T10:17:55","modified_gmt":"2020-09-27T10:17:55","slug":"rencontre-emmanuel-3","status":"publish","type":"post","link":"http:\/\/bezopasnost-pojarnaya.ru\/img\/2020\/10\/06\/rencontre-emmanuel-3\/","title":{"rendered":"Rencontre Emmanuel"},"content":{"rendered":"<p>Le r\u00e9sum\u00e9 de la semaineFrance 24 vous propose de revenir sur les actualit\u00e9s qui ont marqu\u00e9 la semaine <img decoding=\"async\" src=\"http:\/\/images.charentelibre.fr\/2018\/02\/24\/5a9079fb7971bb0477db295b\/golden\/1000x625\/agnes-corbinien-installee-depuis-un-an-a-montemboeuf-etait-lune-des-trois-charentais-a-avoir-participe-a-la-rencontre-entre-macron-et-les-jeunes-agriculteurs-mercredi.jpg\" alt=\"rencontre emmanuel\" align=\"left\"> Cette collaboration avec le gouvernement fran\u00e7ais constitue notre premi\u00e8re collaboration officielle en mati\u00e8re de r\u00e9gulation avec un gouvernement, et nous esp\u00e9rons que cette m\u00e9thode sappliquera \u00e0 dautres pays. BFMTV BFMTV Emmanuel Macron dans une serre de tomates \u00e0 Cl\u00e9der en Bretagne, le 22 avril 2020. POOLAFPSTEPHANE MAHE je mets \u00e0 votre disposition certains de mes algorithmes de r\u00e9gulation mais c est vous qui financez et faite le boulot&#8230; Pour lui, ce d\u00e9bat sur le voile dure depuis 1989, il faut quon arr\u00eate, que le pr\u00e9sident prenne une position ferme l\u00e0-dessus. Une batterie de mesures pour lutter contre ce communautarisme Cette visite, qui navait pas \u00e9t\u00e9 annonc\u00e9e et qui se d\u00e9roule sans journalistes, vise \u00e0 faire le point sur les perspectives concr\u00e8tes de traitements rapidement disponibles contre le virus, a pr\u00e9cis\u00e9 la pr\u00e9sidence. Photo 49 Capture d\u00e9cran du documentaire de France 3 La strat\u00e9gie du m\u00e9t\u00e9ore Diversement appr\u00e9ci\u00e9e dans sa forme et dans le fond, lintervention du chef de lEtat a confirm\u00e9 quelques mesures de sauvetage impatiemment attendues, sans poser clairement les bases dune relance des activit\u00e9s culturelles -CPPAP : 0215 W 90266-Un site du groupe Prisma M\u00e9dia GJ Network Bien s\u00fbr, il y a eu ce l\u00e9ger accrochage. Mercredi, \u00e0 lentr\u00e9e de la basilique Sainte-Anne de J\u00e9rusalem, Emmanuel Macron a perdu son sang-froid, raconte lagence JTA, face aux policiers charg\u00e9s de sa s\u00e9curit\u00e9. Il les a fermement r\u00e9primand\u00e9s, explique le journal conservateur Makor Rishon, avant de sexcuser un peu plus tard. Devenue lune des principales personnalit\u00e9s de la crise, le Pr Raoult a publi\u00e9 deux \u00e9tudes sur lhydroxychloroquine d\u00e9riv\u00e9 de la chloroquine, un m\u00e9dicament contre le paludisme, ndlr qui prouvent, selon lui, lefficacit\u00e9 de ce traitement contre le coronavirus. En contrepartie, Emmanuel Macron a donn\u00e9 des garanties aux acteurs du secteur culturel les plus fragiles. Beaucoup dintermittents ne pourront pas faire leurs heures, a reconnu Emmanuel Macron qui a expliqu\u00e9 quune ann\u00e9e blanche sera d\u00e9cid\u00e9e en prolongeant dune ann\u00e9e, jusqu\u00e0 fin ao\u00fbt 2021 la p\u00e9riode de calcul des heures ouvrant les droits. Une mesure qui concerne directement 270.000 personnes. Lobjectif? \u00c9carter au maximum les risques d une pr\u00e9carit\u00e9 immense et dune forme deffondrement sur lintermittence si com\u00e9diens, acteurs, techniciens ne pouvaient pas retrouver de travail en raison de l\u00e9pid\u00e9mie. Les auteurs disposeront eux dune exon\u00e9ration des cotisations pendant 4 mois. Quant aux associations, organisations et petites entreprises culturelles qui sont au plus mal, leur diversit\u00e9 sera pr\u00e9serv\u00e9e gr\u00e2ce notamment \u00e0 des dispositifs daccompagnement qui se poursuivront au-del\u00e0 de la fin de la p\u00e9riode de confinement, avec des aides adapt\u00e9es, des apports en fonds propres pour lesquels la Banque publique dinvestissement sera mobilis\u00e9e.  Nous saluons les questions que Macron pose pour lEurope, son niveau dambition et les r\u00e9ponses allemandes et europ\u00e9ennes quil attend, a ainsi d\u00e9clar\u00e9 Franziska Brantner, d\u00e9put\u00e9 charg\u00e9e des questions europ\u00e9ennes chez les Verts allemands. Les d\u00e9clarations du ministre de lInt\u00e9rieur, cette semaine, r\u00e9sonnent encore comme une bombe \u00e0 retardement chez les policiers. Le Pr\u00e9sident \u00e0 dailleurs pr\u00e9vu de rencontrer le plus de chercheurs possible et de se pencher sur les travaux quils r\u00e9alisent partout en France avant son. Qui se cache derri\u00e8re la rencontre entre Emmanuel Macron et Didier Raoult? En 2018, les services du palais de l\u00c9lys\u00e9e portent plainte pour apr\u00e8s avoir d\u00e9couvert que le nom de Brigitte Macron \u00e9tait utilis\u00e9 pour obtenir des traitements de faveur dans des \u00e9tablissements de luxe. Limage de Brigitte Macron a \u00e9galement \u00e9t\u00e9 exploit\u00e9e ill\u00e9galement par divers escrocs sur internet, afin de vendre et de promouvoir des marques de cr\u00e8me antirides dont elle serait l\u00e9g\u00e9rie ou la cr\u00e9atrice. Lors de \u00e0 Marseille, Emmanuel Macron a aussi rencontr\u00e9 des \u00e9tudiants \u00e9trangers en formation \u00e0 lInstitut hospitalo-universitaire M\u00e9diterran\u00e9e Infection. Un \u00e9change film\u00e9 par les jeunes doctorants, \u00e0 d\u00e9couvrir dans la vid\u00e9o ci-dessous Https:www.coordinationsud.orgwp-contentuploadscndsi-CP-aspect-ratio-5&#215;3.jpg 900 1500 Coordination SUD https:www.coordinationsud.orgwp-contentthemescsudimagescoordinationsud-logo.png Coordination SUD 2020-01-24 11:26:13 2020-02-19 15:16:31 Loi d\u00e9veloppement solidaire : Une reprise des travaux tant attendue! Une autorit\u00e9 administrative ind\u00e9pendante, vraisemblablement le Conseil sup\u00e9rieur de laudiovisuel, serait charg\u00e9 de sa mise en \u0153uvre. Celui-ci aurait pour cela un droit de regard, en particulier sur les algorithmes utilis\u00e9s par Facebook et Twitter. Elle pourrait utiliser des identit\u00e9s demprunt pour proc\u00e9der \u00e0 des tests et pourrait infliger des amendes pouvant atteindre 4 du chiffre daffaires mondial du r\u00e9seau social. Cette visite ne vaut pas validation du traitement d\u00e9clare \u00e0 Europe 1 un membre du cabinet dEmmanuel Macron. Avant son intervention devant les Fran\u00e7ais lundi, le pr\u00e9sident veut faire le point sur toutes les perspectives de traitement. Depuis quil est pr\u00e9sident on nous a racont\u00e9 lhistoire de leur rencontre \u00e0 toutes les sauces dans tous ses d\u00e9tails. Overdose du couple Macron stop jen peux plus! \u00c0 cause de vous je crois que je connais mieux lhistoire de leur rencontre que celle de mes propres parents quoi. Je ne comprends pas cette fascination que les m\u00e9dias ont pour un couple qui a quand m\u00eame d\u00e9but\u00e9 son histoire par un d\u00e9tournement de mineur mais bon Emmanuel Macron a rencontr\u00e9 le Pr Raoult \u00e0 Marseille ce jeudi apr\u00e8s-midi-midilibre.fr Rencontre Macron-Zuckerberg : Paris plaide pour un contr\u00f4le de la mod\u00e9ration des r\u00e9seaux sociaux  <img decoding=\"async\" src=\"http:\/\/communique2presse.fr\/wp-content\/uploads\/2018\/06\/emmanuel-macron-rencontre-pour-la-premiere-fois-le-pape-francois-880x440.jpg\" alt=\"rencontre emmanuel\" align=\"right\"> <img decoding=\"async\" src=\"http:\/\/7sur7.cd\/new\/wp-content\/uploads\/2017\/05\/macron.jpg\" alt=\"rencontre emmanuel\" align=\"left\"> Lors de ce rendez-vous, elle t\u00e9moigne sur sa trajectoire personnelle. Apr\u00e8s un baccalaur\u00e9at S mention tr\u00e8s bien, elle avait poursuivi ses \u00e9tudes \u00e0 la facult\u00e9 de biologie de Tunis. Vivant de 5 euros par semaine, elle se voit alors refuser une bourse. Elle manifeste pour faire valoir ses droits. Ce qui lui vaut linterdiction de retourner \u00e0 la facult\u00e9.<\/p>\n","protected":false},"excerpt":{"rendered":"<p>rencontre emmanuel<\/p>\n","protected":false},"author":1,"featured_media":0,"comment_status":"closed","ping_status":"closed","sticky":false,"template":"","format":"standard","meta":{"footnotes":""},"categories":[1],"tags":[],"_links":{"self":[{"href":"http:\/\/bezopasnost-pojarnaya.ru\/img\/wp-json\/wp\/v2\/posts\/7472"}],"collection":[{"href":"http:\/\/bezopasnost-pojarnaya.ru\/img\/wp-json\/wp\/v2\/posts"}],"about":[{"href":"http:\/\/bezopasnost-pojarnaya.ru\/img\/wp-json\/wp\/v2\/types\/post"}],"author":[{"embeddable":true,"href":"http:\/\/bezopasnost-pojarnaya.ru\/img\/wp-json\/wp\/v2\/users\/1"}],"replies":[{"embeddable":true,"href":"http:\/\/bezopasnost-pojarnaya.ru\/img\/wp-json\/wp\/v2\/comments?post=7472"}],"version-history":[{"count":1,"href":"http:\/\/bezopasnost-pojarnaya.ru\/img\/wp-json\/wp\/v2\/posts\/7472\/revisions"}],"predecessor-version":[{"id":7473,"href":"http:\/\/bezopasnost-pojarnaya.ru\/img\/wp-json\/wp\/v2\/posts\/7472\/revisions\/7473"}],"wp:attachment":[{"href":"http:\/\/bezopasnost-pojarnaya.ru\/img\/wp-json\/wp\/v2\/media?parent=7472"}],"wp:term":[{"taxonomy":"category","embeddable":true,"href":"http:\/\/bezopasnost-pojarnaya.ru\/img\/wp-json\/wp\/v2\/categories?post=7472"},{"taxonomy":"post_tag","embeddable":true,"href":"http:\/\/bezopasnost-pojarnaya.ru\/img\/wp-json\/wp\/v2\/tags?post=7472"}],"curies":[{"name":"wp","href":"https:\/\/api.w.org\/{rel}","templated":true}]}}