{"id":7486,"date":"2020-10-06T03:12:42","date_gmt":"2020-10-06T03:12:42","guid":{"rendered":"http:\/\/bezopasnost-pojarnaya.ru\/img\/?p=7486"},"modified":"2020-09-27T10:46:23","modified_gmt":"2020-09-27T10:46:23","slug":"rencontre-dentelliere-3","status":"publish","type":"post","link":"http:\/\/bezopasnost-pojarnaya.ru\/img\/2020\/10\/06\/rencontre-dentelliere-3\/","title":{"rendered":"Rencontre Dentelliere"},"content":{"rendered":"<p>LHistoire du Mouchoir dInstruction Militaire le 8 novembre 2018 \u00e0 la Salle des F\u00eates de Marolles-en-Hurepoix Essonne dans le cadre de lExposition Histoire et Patrimoine sur la fin du conflit 1914-1918 <img decoding=\"async\" src=\"http:\/\/ee.mlfmonde.org\/rauma-areva\/wp-content\/uploads\/sites\/3\/2016\/04\/DSC02017.jpg\" alt=\"rencontre dentelliere\" align=\"left\"> Toutes sortes de dentelles, de broderies ruban, hardanger, peinture \u00e0 laiguille, frivolit\u00e9, de la couleur, du blanc, des fournitures&#8230; A voir absolument et sans mod\u00e9ration!! Je pense que nombre de dentelli\u00e8res aimeraient en poss\u00e9der un le m\u00eame..nest-ce pas?? T\u00e9l. : 33 3 83 96 21 76-Fax : 33 3 83 97 24 56 25 ans elle travaille avec les Grandes Ecuries de Chantilly. Son talent et sa cr\u00e9ativit\u00e9 traduisent en costumes, coiffes et autres masques, les r\u00e9cits f\u00e9\u00e9riques imagin\u00e9s par Sophie et Virginie Couvige-rencontre de dentelli\u00e8res-Exposition de dentelle, patchwork et broderie XVIII e si\u00e8cle \u00e0 nos jours, \u00e9voquant la dentelle, la mode et la beaut\u00e9. Olivia Gay se consacre \u00e0 la repr\u00e9sentation du corps f\u00e9minin \u00e0 loeuvre dans lunivers quotidien, quelle aille \u00e0 la rencontre de caissi\u00e8res de supermarch\u00e9s ou de mod\u00e8les dans latelier du peintre. Depuis 2007, elle photographie les ouvri\u00e8res : dans une usine demballage pour lindustrie de luxe Les ouvri\u00e8res de lAigle, dans lAtelier national dAlen\u00e7on Les dentelli\u00e8res dAlen\u00e7on et dans les usines de dentelle m\u00e9canique \u00e0 Calais et Caudry Les dentelli\u00e8res de Calais. <img decoding=\"async\" src=\"http:\/\/resize.over-blog.com\/1020x765.jpg?http:\/\/idata.over-blog.com\/0\/49\/45\/30\/dentelle-aux-fuseaux\/CCF30092008_00001-copie-1.jpg\" alt=\"rencontre dentelliere\" align=\"left\"> qui paya de ses deniers pour relancer lactivit\u00e9, en regroupant Aujourdhui, les activit\u00e9s manuelles ont tendance \u00e0 avoir la c\u00f4te. On fait du scrapbooking, de la couture, de la p\u00e2tisserie, du DIY comme on dit dans le jargon en se la p\u00e9tant un peu. Et pourtant, peu de personnes mont un jour dit eh bien moi le week-end je fais ma petite dentelle au fuseau tranquillou.  Un groupe de dentelli\u00e8res jurassiennes a fait le d\u00e9placement en train pour se rendre \u00e0 la Rencontre Suisse des Dentelli\u00e8res \u00e0 Locarno. R\u00e9cits tour \u00e0 tour dr\u00f4les, \u00e9mouvants ou surprenants! En 2012, elle est laur\u00e9ate du concours carte de v\u0153ux organis\u00e9 par la r\u00e9gion Pays dArd\u00e8che M\u00e9ridionale. En juin, elle expose une cr\u00e9ation autour du th\u00e8me impos\u00e9 sur la Grotte Chauvet dans le cadre de la 3\u00e8me biennale des M\u00e9tiers dArt de la Ferme Bourlatier Ard\u00e8che, au travers de sa participation au collectif Trajectoires. Javais d\u00e9j\u00e0 remarqu\u00e9 il y a deux ans cette jolie paire de gants D\u00e9tails D\u00e9but : 8 mai 9 h 00 min Fin : 10 mai 17 h 00 min Cat\u00e9gories d\u00c9v\u00e8nement:,  en fil les m\u00e9andres, en fixant sur un coussin des \u00e9pingles  09h00 : Accueil des participants et pr\u00e9sentation boisson chaude offerte, d\u00e9marrage couvige Maison cr\u00e9ative et rurale Armand-Vaillancourt du Carrefour culturel de L\u00c9rable <img decoding=\"async\" src=\"http:\/\/img.over-blog-kiwi.com\/1\/27\/60\/97\/20160318\/ob_47bc1e_img-3343-1.JPG\" alt=\"rencontre dentelliere\" align=\"left\"> Post\u00e9 par Une jarlandine \u00e0 15:22&#8211; Permalien le samedi de 9 h 30 19 h d\u00e8s la r\u00e9ouverture et jusquau 30 septembre 2020 en journ\u00e9e continue, le dimanche sur rendez-vous pour les groupes. Les dentelli\u00e8res du PLL se sont r\u00e9unies, ce jeudi, pour finaliser lorganisation du rassemblement de samedi prochain. Lann\u00e9e touche \u00e0 sa fin, je vous retrouve le 8 janvier 2015 pour broder..<\/p>\n","protected":false},"excerpt":{"rendered":"<p>rencontre dentelliere<\/p>\n","protected":false},"author":1,"featured_media":0,"comment_status":"closed","ping_status":"closed","sticky":false,"template":"","format":"standard","meta":{"footnotes":""},"categories":[1],"tags":[],"_links":{"self":[{"href":"http:\/\/bezopasnost-pojarnaya.ru\/img\/wp-json\/wp\/v2\/posts\/7486"}],"collection":[{"href":"http:\/\/bezopasnost-pojarnaya.ru\/img\/wp-json\/wp\/v2\/posts"}],"about":[{"href":"http:\/\/bezopasnost-pojarnaya.ru\/img\/wp-json\/wp\/v2\/types\/post"}],"author":[{"embeddable":true,"href":"http:\/\/bezopasnost-pojarnaya.ru\/img\/wp-json\/wp\/v2\/users\/1"}],"replies":[{"embeddable":true,"href":"http:\/\/bezopasnost-pojarnaya.ru\/img\/wp-json\/wp\/v2\/comments?post=7486"}],"version-history":[{"count":1,"href":"http:\/\/bezopasnost-pojarnaya.ru\/img\/wp-json\/wp\/v2\/posts\/7486\/revisions"}],"predecessor-version":[{"id":7487,"href":"http:\/\/bezopasnost-pojarnaya.ru\/img\/wp-json\/wp\/v2\/posts\/7486\/revisions\/7487"}],"wp:attachment":[{"href":"http:\/\/bezopasnost-pojarnaya.ru\/img\/wp-json\/wp\/v2\/media?parent=7486"}],"wp:term":[{"taxonomy":"category","embeddable":true,"href":"http:\/\/bezopasnost-pojarnaya.ru\/img\/wp-json\/wp\/v2\/categories?post=7486"},{"taxonomy":"post_tag","embeddable":true,"href":"http:\/\/bezopasnost-pojarnaya.ru\/img\/wp-json\/wp\/v2\/tags?post=7486"}],"curies":[{"name":"wp","href":"https:\/\/api.w.org\/{rel}","templated":true}]}}