{"id":7508,"date":"2020-10-06T14:03:35","date_gmt":"2020-10-06T14:03:35","guid":{"rendered":"http:\/\/bezopasnost-pojarnaya.ru\/img\/?p=7508"},"modified":"2020-09-27T11:28:15","modified_gmt":"2020-09-27T11:28:15","slug":"keller-rencontres-2","status":"publish","type":"post","link":"http:\/\/bezopasnost-pojarnaya.ru\/img\/2020\/10\/06\/keller-rencontres-2\/","title":{"rendered":"Keller Rencontres"},"content":{"rendered":"<p>Jesp\u00e8re quil y aura un designer qualifi\u00e9 dans chaque entreprise! Jesp\u00e8re aussi que lHumain sera la premi\u00e8re pr\u00e9occupation de ces futurs designers. Comment tu vois l\u00e9volution de la cr\u00e9ation et du design?  <img decoding=\"async\" src=\"http:\/\/www.estherkeller.com\/wp-content\/uploads\/2016\/02\/Agence-matrimoniale-sur-Monaco.jpg\" alt=\"keller rencontres\" align=\"center\"> Sorry, you have been blocked You are unable to access vpsiteserver02.com asset_icon_arrow_down asset_icon_burger asset_icon_close asset_icon_dailymotion asset_icon_facebook asset_icon_fullscreen asset_icon_hidevid asset_icon_img_defaut asset_icon_instagram asset_icon_newsletter asset_icon_podcast asset_icon_showvid asset_icon_twitter asset_icon_youtube  822-JC: Bjerklov, Eliasson, Fejoz, Saprykina, Stolovitch, Yoccoz Le peintre Wifredo Lam 1902-1982 est une figure unique dans les mouvements dart moderne du XXe si\u00e8cle, lun des cr\u00e9ateurs les plus novateurs, aux c\u00f4t\u00e9s de Pablo Picasso et de Max Ernst. Apr\u00e8s une formation rigoureuse \u00e0 Cuba et \u00e0 Madrid, lartiste aux origines entrecrois\u00e9es-chino-afro-cubaines, d\u00e9couvre le surr\u00e9alisme et lart africain \u00e0 Paris. Cest la rencontre fondamentale des po\u00e8tes : Andr\u00e9 Breton, Aim\u00e9 C\u00e9saire, Ren\u00e9 Char, Michel Leiris.. Qui lui inspirent libert\u00e9 et audace. Il est le premier \u00e0 faire na\u00eetre une culture m\u00e9tiss\u00e9e qui transcende les drames de son \u00e9poque et les fronti\u00e8res stylistiques. Ce grand voyageur a su cr\u00e9er et exprimer luniversel, \u00e0 travers des \u0153uvres luxuriantes n\u00e9es d\u00e9tincelles po\u00e9tiques et peupl\u00e9es de figures hybrides. Dans le cadre dune activit\u00e9 compl\u00e9mentaire \u00e0 lexposition, des collages d Aube Ell\u00e9ou\u00ebt-Breton co-productrice de la au TEA jusquau 13 mai 2018, les spectateurs pourront assister aujourdhui \u00e0 partir de 19h, \u00e0 la consacr\u00e9 \u00e0. France Inter vient de soffrir une premi\u00e8re mondiale : La station la plus haute du monde. Noires D\u00e9sir sur le plateau de France 3 et en festival Si l\u0153uvre est peu connue, elle nen est pas moins dune beaut\u00e9 \u00e0 couper le souffle, v\u00e9ritable petit bijou aussi rare que pr\u00e9cieux dans le catalogue de Brahms. Les ministres r\u00e9unis \u00e0 Vaduz ont aussi parl\u00e9 de la gestion des cryptomonnaies. La saisie de cryptomonnaies est d\u00e9j\u00e0 possible aujourdhui, mais des questions se posent encore concernant la mani\u00e8re de g\u00e9rer ces actifs dont le cours est souvent tr\u00e8s volatil. Une possibilit\u00e9 est de convertir les cryptomonnaies en devises classiques afin de diminuer le risque de responsabilit\u00e9 des autorit\u00e9s de poursuite p\u00e9nale. <img decoding=\"async\" src=\"http:\/\/www.estherkeller.com\/wp-content\/uploads\/2016\/11\/tribunejuive.png\" alt=\"keller rencontres\" align=\"right\"> <img decoding=\"async\" src=\"http:\/\/p.calameoassets.com\/180419145547-24964165f6c933e392dd45f6984b85f0\/p4.jpg\" alt=\"keller rencontres\" align=\"left\">  Tout dabord, les responsables chr\u00e9tiens ont besoin de formation pour accomplir leur minist\u00e8re. Personne nimaginerait quon se lance dans la construction dimmeubles ou dans la production de logiciels sans avoir appris \u00e0 le faire. Gr\u00e9goire le Grand, autour des ann\u00e9esfaisait la comparaison avec des m\u00e9decins. Ne perdez plus votre temps, rencontrez quelquun qui vous ressemble vraiment! il vous reste jusqu\u00e0 vendredi, pour passer vos commandes de No\u00ebl sur www.sevendoc.com. Que pensez de la grand proximit\u00e9 entre Donald Trump et Emmanuel Macron? Poursuivent-ils des politiques communes? Pour y r\u00e9pondre Anne Toulouse, ancienne correspondante de RFI en Am\u00e9rique du Nord et Jean-Philippe Immarigeon, avocat et auteur notamment de American Parano et Fran\u00e7am\u00e9rique Ellipses. Les d\u00e9l\u00e9gu\u00e9s MSA de Dordogne, Lot et Garonne se sont mobilis\u00e9s afin daider les exploitants agricoles \u00e0 pr\u00e9voir leur cessation dactivit\u00e9 et daccompagner les salari\u00e9s agricoles \u00e0 se pr\u00e9parer \u00e0 la retraite. Pour en savoir plus, consulter la vid\u00e9o Anticiper et pr\u00e9parer sa cessation dactivit\u00e9.<\/p>\n","protected":false},"excerpt":{"rendered":"<p>keller rencontres<\/p>\n","protected":false},"author":1,"featured_media":0,"comment_status":"closed","ping_status":"closed","sticky":false,"template":"","format":"standard","meta":{"footnotes":""},"categories":[1],"tags":[],"_links":{"self":[{"href":"http:\/\/bezopasnost-pojarnaya.ru\/img\/wp-json\/wp\/v2\/posts\/7508"}],"collection":[{"href":"http:\/\/bezopasnost-pojarnaya.ru\/img\/wp-json\/wp\/v2\/posts"}],"about":[{"href":"http:\/\/bezopasnost-pojarnaya.ru\/img\/wp-json\/wp\/v2\/types\/post"}],"author":[{"embeddable":true,"href":"http:\/\/bezopasnost-pojarnaya.ru\/img\/wp-json\/wp\/v2\/users\/1"}],"replies":[{"embeddable":true,"href":"http:\/\/bezopasnost-pojarnaya.ru\/img\/wp-json\/wp\/v2\/comments?post=7508"}],"version-history":[{"count":1,"href":"http:\/\/bezopasnost-pojarnaya.ru\/img\/wp-json\/wp\/v2\/posts\/7508\/revisions"}],"predecessor-version":[{"id":7509,"href":"http:\/\/bezopasnost-pojarnaya.ru\/img\/wp-json\/wp\/v2\/posts\/7508\/revisions\/7509"}],"wp:attachment":[{"href":"http:\/\/bezopasnost-pojarnaya.ru\/img\/wp-json\/wp\/v2\/media?parent=7508"}],"wp:term":[{"taxonomy":"category","embeddable":true,"href":"http:\/\/bezopasnost-pojarnaya.ru\/img\/wp-json\/wp\/v2\/categories?post=7508"},{"taxonomy":"post_tag","embeddable":true,"href":"http:\/\/bezopasnost-pojarnaya.ru\/img\/wp-json\/wp\/v2\/tags?post=7508"}],"curies":[{"name":"wp","href":"https:\/\/api.w.org\/{rel}","templated":true}]}}